{"id":7462,"date":"2025-05-19T14:14:21","date_gmt":"2025-05-19T12:14:21","guid":{"rendered":"https:\/\/www.fairever-events.com\/?p=7462"},"modified":"2025-05-19T15:12:51","modified_gmt":"2025-05-19T13:12:51","slug":"mwc-barcelona-its-showtime","status":"publish","type":"post","link":"https:\/\/www.fairever-events.com\/es\/mwc-barcelona-its-showtime\/","title":{"rendered":"MWC Barcelona: It&#8217;s Showtime!"},"content":{"rendered":"<h2><em><img loading=\"lazy\" decoding=\"async\" class=\"alignright wp-image-7457 size-full\" src=\"https:\/\/www.fairever-events.com\/wp-content\/uploads\/2025\/05\/sales-promotion-by-fairever.jpg\" alt=\"Agencia de Promoci\u00f3n de Ventas\" width=\"500\" height=\"591\" \/>C\u00f3mo <\/em>FAIR<em><span style=\"color: #5bff45; font-style: italic;\">EVER<\/span> convirti\u00f3 una presentaci\u00f3n de producto en una verdadera experiencia de marca.<\/em><\/h2>\n<p>El Mobile World Congress (MWC) de Barcelona es mucho m\u00e1s que una feria comercial: es un escenario para marcas visionarias, innovaciones tecnol\u00f3gicas y puestas en escena impactantes. Justo aqu\u00ed, nuestro cliente \u2014una empresa tecnol\u00f3gica de alcance internacional\u2014 quer\u00eda destacarse con una presentaci\u00f3n extraordinaria. El objetivo: un <strong>espect\u00e1culo en vivo de alto impacto en el stand<\/strong>, cada hora en punto \u2013 emocional, profesional e inolvidable.<\/p>\n<p><strong>FAIR<span style=\"color: #5bff45; font-style: italic;\">EVER<\/span> asumi\u00f3 este ambicioso desaf\u00edo con total dedicaci\u00f3n.<\/strong> El show fue concebido por el cliente \u2013 nuestra tarea consisti\u00f3 en encontrar al personal adecuado, formarlo completamente y prepararlo de manera \u00f3ptima. Para cumplir con los requisitos especiales \u2013 como memorizar guiones y demostrar talento actoral \u2013 recurrimos a nuestra <strong>amplia base de personal en Barcelona<\/strong>. <strong>FAIR<span style=\"color: #5bff45; font-style: italic;\">EVER<\/span><\/strong> cuenta con una red local consolidada de promotores y azafatas experimentados, de la cual seleccionamos cuidadosamente un equipo perfectamente adaptado al formato.<\/p>\n<p>En estrecha coordinaci\u00f3n con el cliente, el personal fue <strong>seleccionado, informado, vestido y preparado profesionalmente por Fairever<\/strong>. En varios ensayos organizados por nosotros, practicamos juntos el ritmo, el lenguaje, la expresi\u00f3n y los movimientos \u2013 hasta que cada escena qued\u00f3 perfectamente ensayada. Cada hora en punto, el stand se transformaba en un escenario: impresionante, cautivador y con una fuerte presencia de marca.<\/p>\n<p><strong>Lo m\u00e1s impresionante fue el trabajo en equipo.<\/strong> Nuestros promotores no solo trabajaron con gran profesionalismo \u2013 tambi\u00e9n mostraron <strong>entusiasmo genuino y una alegr\u00eda palpable<\/strong>. El ambiente, tanto en el escenario como detr\u00e1s de \u00e9l, estuvo marcado por el esp\u00edritu de equipo, la motivaci\u00f3n y un verdadero deseo de actuar. Esa energ\u00eda se transmiti\u00f3 directamente al p\u00fablico de la feria \u2013 y, por supuesto, a nuestro cliente.<\/p>\n<p>El resultado fue una presentaci\u00f3n que dej\u00f3 huella: una <strong>exhibici\u00f3n de marca perfectamente ejecutada<\/strong> que cumpli\u00f3 \u2013 e incluso super\u00f3 \u2013 todas las expectativas. <strong>Juntos demostramos que las grandes ideas pueden tener un verdadero impacto con el equipo adecuado.<\/strong> Lo que comenz\u00f3 como un concepto valiente cobr\u00f3 vida en el escenario de la feria gracias a una planificaci\u00f3n precisa, un equipo bien entrenado y verdadera pasi\u00f3n. La estrecha coordinaci\u00f3n con el cliente, la confianza en nuestra experiencia y el fuerte compromiso del equipo mostraron c\u00f3mo los desaf\u00edos ambiciosos pueden convertirse en resultados impresionantes. As\u00ed, una simple presencia en feria se convirti\u00f3 en una experiencia de marca \u2013 impulsada por personas que no solo interpretan un papel, sino que lo viven con autenticidad.<\/p>\n<p><strong>\u00bfCu\u00e1l es su desaf\u00edo? Escribamos juntos una historia de feria inolvidable.<\/strong><br \/>\n<a href=\"\/es\/contact-us\" class=\"button primary is-link readmore arrow-btn small\" >\n\t<i class=\"icon-angle-right\" aria-hidden=\"true\"><\/i>\t<span>Cont\u00e1ctenos ahora<\/span>\n\t<\/a>\n\n","protected":false},"excerpt":{"rendered":"<p>MWC Barcelona: Fairever lleva la tecnolog\u00eda al escenario \u2013 con promotores bien informados, un espect\u00e1culo impactante y gesti\u00f3n integral para que su participaci\u00f3n en la feria sea un \u00e9xito.<\/p>\n","protected":false},"author":4,"featured_media":7457,"comment_status":"closed","ping_status":"closed","sticky":false,"template":"","format":"standard","meta":{"_acf_changed":false,"inline_featured_image":false,"footnotes":""},"categories":[214],"tags":[],"class_list":["post-7462","post","type-post","status-publish","format-standard","has-post-thumbnail","hentry","category-blog-3"],"acf":[],"_links":{"self":[{"href":"https:\/\/www.fairever-events.com\/es\/wp-json\/wp\/v2\/posts\/7462","targetHints":{"allow":["GET"]}}],"collection":[{"href":"https:\/\/www.fairever-events.com\/es\/wp-json\/wp\/v2\/posts"}],"about":[{"href":"https:\/\/www.fairever-events.com\/es\/wp-json\/wp\/v2\/types\/post"}],"author":[{"embeddable":true,"href":"https:\/\/www.fairever-events.com\/es\/wp-json\/wp\/v2\/users\/4"}],"replies":[{"embeddable":true,"href":"https:\/\/www.fairever-events.com\/es\/wp-json\/wp\/v2\/comments?post=7462"}],"version-history":[{"count":2,"href":"https:\/\/www.fairever-events.com\/es\/wp-json\/wp\/v2\/posts\/7462\/revisions"}],"predecessor-version":[{"id":7484,"href":"https:\/\/www.fairever-events.com\/es\/wp-json\/wp\/v2\/posts\/7462\/revisions\/7484"}],"wp:featuredmedia":[{"embeddable":true,"href":"https:\/\/www.fairever-events.com\/es\/wp-json\/wp\/v2\/media\/7457"}],"wp:attachment":[{"href":"https:\/\/www.fairever-events.com\/es\/wp-json\/wp\/v2\/media?parent=7462"}],"wp:term":[{"taxonomy":"category","embeddable":true,"href":"https:\/\/www.fairever-events.com\/es\/wp-json\/wp\/v2\/categories?post=7462"},{"taxonomy":"post_tag","embeddable":true,"href":"https:\/\/www.fairever-events.com\/es\/wp-json\/wp\/v2\/tags?post=7462"}],"curies":[{"name":"wp","href":"https:\/\/api.w.org\/{rel}","templated":true}]}}